{"id":2605,"date":"2019-02-05T09:15:20","date_gmt":"2019-02-05T08:15:20","guid":{"rendered":"https:\/\/massage-bebe.ch\/?p=2605"},"modified":"2022-09-28T07:07:43","modified_gmt":"2022-09-28T05:07:43","slug":"babymassage-im-selfie-zeitalter","status":"publish","type":"post","link":"https:\/\/www.massage-bebe.ch\/de\/babymassage-im-selfie-zeitalter\/","title":{"rendered":"Babymassage im Selfie-Zeitalter"},"content":{"rendered":"<p>Ich habe soeben einen neuen <a href=\"https:\/\/www.youtube.com\/watch?v=BxBNPpsWKh8\">SRF Dokumentarfilm zur \u00abGeneration Selfie\u00bb<\/a> geschaut. Der Film l\u00f6ste viele Gef\u00fchle in mir aus. Insbesondere gab er mir das Gef\u00fchl, dass die <strong>intensive, liebevolle Babymassage nach Newar-Tradition in unserer Gesellschaft heute wertvoller ist als je zuvor. <\/strong><\/p>\n<p>Vielleicht fragst du dich, was Babymassage mit Selfies zu tun hat. Darauf werde ich in diesem Artikel eingehen.<\/p>\n<p><!--more--><\/p>\n<p>Ich fand es faszinierend stark, wie offen einige Kinder und Jugendlichen aus dem Dokumentarfilm ihre Sucht (von ihnen selbst so bezeichnet) nach Anerkennung \u00fcber Likes thematisieren konnten. Gleichzeitig haben mich ihre Aussagen auch nachdenklich gestimmt. <strong>Bewusst inszenieren sie sich selbst auf Fotos und Videos, weil sie damit ein fehlendes Selbstwertgef\u00fchl kompensieren m\u00f6chten.<\/strong> Um m\u00f6glichst viele Likes zu erhalten, lassen sich bereits Minderj\u00e4hrige ihre Lippen aufzuspritzen. Mit geeigneten Apps lassen sie Narben aus dem Gesicht verschwinden und ihre K\u00f6rper d\u00fcnner aussehen, bevor ein Foto hochgeladen wird. Die Begr\u00fcndung ist, dass im Internet halt alles perfekt sein m\u00fcsse. <strong>Alle wissen, dass es eine Scheinwelt ist. <\/strong><\/p>\n<p>Was ist nun das Problem dabei? Ich m\u00f6chte auf keinen Fall alle Jugendlichen in einen Topf werfen. Ebenso sehe ich Social Media Plattformen \u00fcberhaupt nicht nur als schlecht. Und ich bin mir auch nicht sicher, ob der irreale Sch\u00f6nheitswahn in meiner Kindheit und Jugendzeit weniger vorhanden war \u2013 man denke zum Beispiel an die weite Verbreitung von Zahnspangen aus \u00e4sthetischen Gr\u00fcnden. Ich finde es allerdings kritisch, <strong>wenn junge (und nat\u00fcrlich auch erwachsene) Menschen ihr Selbstwertgef\u00fchl abh\u00e4ngig machen von der Anzahl Likes auf ein Selfie, das nicht einmal ihr reales Wesen widerspiegelt<\/strong>.<\/p>\n<p>Wie k\u00f6nnen sie dann Wertsch\u00e4tzung empfinden f\u00fcr ihr wahres Ich in der realen Welt, in der Narben und K\u00f6rperrundungen nicht nach Lust und Laune mit einem Knopfdruck verschwinden? Wie k\u00f6nnen sie \u00fcberhaupt Liebe f\u00fcr sich selbst versp\u00fcren, ohne eine \u00e4ussere Bewertung von (fremden) Menschen als Best\u00e4tigung beizuziehen?<\/p>\n<p>Da die Kinder heutzutage bereits im Primarschulalter s\u00fcchtig nach Likes werden k\u00f6nnen, ist es<strong> umso wichtiger, ihnen m\u00f6glichst fr\u00fch ein Fundament von Selbstliebe zu vermitteln. <\/strong><\/p>\n<p>Mit einer regelm\u00e4ssig durchgef\u00fchrten intensiven Ganzk\u00f6rpermassage k\u00f6nnen Eltern ihrem Neugeborenen ab dem ersten Lebenstag Geborgenheit und Liebe vermitteln. <strong>Das Baby f\u00fchlt sich bedingungslos geliebt, weil es nichts tun muss, um diese tiefe N\u00e4he, Aufmerksamkeit und Ber\u00fchrung seiner Eltern zu erhalten. <\/strong>In diesem Alter kommt es noch gar nicht auf die Idee, sich zu verstellen. Es ist einfach wie es ist. Und die Eltern zeigen ihm, dass sie es genau daf\u00fcr von ganzem Herzen lieben.<\/p>\n<p><strong>So lernt ein Kind gleich von Anfang an, dass es wertvoll und geliebt ist. Auf dieser soliden Basis kann sich eine wunderbare Selbstliebe entwickeln.<\/strong> Genau diese Selbstliebe wird den Babys von heute helfen, nicht in die Sucht der Selbstinszenierung und Anerkennung \u00fcber Likes zu geraten, wie auch immer diese in ein paar Jahren aussehen wird.<\/p>\n<p>Ich bin wirklich \u00fcberzeugt, dass wir Menschen lernen m\u00fcssen, uns selbst zu lieben. <strong>Denn nur wenn wir uns selbst voll und ganz akzeptieren und wertsch\u00e4tzen, k\u00f6nnen wir echte Beziehungen eingehen, mit Herausforderungen umgehen, unser Potential ausleben und richtig gl\u00fccklich sein.<\/strong> <strong>Das ist es doch, wonach wir alle streben. Und das ist es auch, was wir unseren Kindern mitgeben m\u00f6chten. <\/strong><\/p>\n<p>Was denkst du dazu? Auf welche Arten k\u00f6nnen wir unseren Babys und Kindern auch noch zu Selbstliebe verhelfen?<\/p>\n<p><strong>M\u00f6chtest auch du die Newar-Babymassage lernen?<\/strong> <a href=\"https:\/\/www.massage-bebe.ch\/de\/#massage-buchen\">Melde dich hier f\u00fcr einen Kurs bei mir an. <\/a><\/p>\n<p><strong>Willst du die 14 wunderbaren Wirkungen der Newar-Babymassage kennenlernen?<\/strong> <a href=\"https:\/\/www.massage-bebe.ch\/de\/babymassage-booklet\/\">Erhalte hier mein kostenfreies Booklet.<\/a><\/p>\n<p>Herzlicher Gruss<\/p>\n<p>Lisa<\/p>\n<p>&nbsp;<\/p>\n","protected":false},"excerpt":{"rendered":"<p>Ich habe soeben einen neuen SRF Dokumentarfilm zur \u00abGeneration Selfie\u00bb geschaut. Der Film l\u00f6ste viele Gef\u00fchle in mir aus. Insbesondere gab er mir das Gef\u00fchl, dass die intensive, liebevolle Babymassage nach Newar-Tradition in unserer Gesellschaft heute wertvoller ist als je zuvor. Vielleicht fragst du dich,&#8230;<\/p>\n","protected":false},"author":2,"featured_media":2606,"comment_status":"open","ping_status":"closed","sticky":false,"template":"","format":"standard","meta":{"jetpack_post_was_ever_published":false,"_jetpack_newsletter_access":"","_jetpack_dont_email_post_to_subs":false,"_jetpack_newsletter_tier_id":0,"footnotes":"","jetpack_publicize_message":"","jetpack_publicize_feature_enabled":true,"jetpack_social_post_already_shared":true,"jetpack_social_options":{"image_generator_settings":{"template":"highway","enabled":false}}},"categories":[1],"tags":[],"class_list":["post-2605","post","type-post","status-publish","format-standard","has-post-thumbnail","hentry","category-unkategorisiert"],"jetpack_publicize_connections":[],"yoast_head":"<!-- This site is optimized with the Yoast SEO plugin v22.1 - https:\/\/yoast.com\/wordpress\/plugins\/seo\/ -->\n<title>Babymassage im Selfie-Zeitalter - Lisa Filipe<\/title>\n<meta name=\"robots\" content=\"index, follow, max-snippet:-1, max-image-preview:large, max-video-preview:-1\" \/>\n<link rel=\"canonical\" href=\"https:\/\/www.massage-bebe.ch\/de\/babymassage-im-selfie-zeitalter\/\" \/>\n<meta property=\"og:locale\" content=\"de_DE\" \/>\n<meta property=\"og:type\" content=\"article\" \/>\n<meta property=\"og:title\" content=\"Babymassage im Selfie-Zeitalter - Lisa Filipe\" \/>\n<meta property=\"og:description\" content=\"Ich habe soeben einen neuen SRF Dokumentarfilm zur \u00abGeneration Selfie\u00bb geschaut. Der Film l\u00f6ste viele Gef\u00fchle in mir aus. Insbesondere gab er mir das Gef\u00fchl, dass die intensive, liebevolle Babymassage nach Newar-Tradition in unserer Gesellschaft heute wertvoller ist als je zuvor. Vielleicht fragst du dich,...\" \/>\n<meta property=\"og:url\" content=\"https:\/\/www.massage-bebe.ch\/de\/babymassage-im-selfie-zeitalter\/\" \/>\n<meta property=\"og:site_name\" content=\"Lisa Filipe\" \/>\n<meta property=\"article:publisher\" content=\"https:\/\/www.facebook.com\/Lisa-Filipe-968283666654369\/\" \/>\n<meta property=\"article:published_time\" content=\"2019-02-05T08:15:20+00:00\" \/>\n<meta property=\"article:modified_time\" content=\"2022-09-28T05:07:43+00:00\" \/>\n<meta property=\"og:image\" content=\"https:\/\/www.massage-bebe.ch\/wp-content\/uploads\/Babymassage-Newar-Tradition-1024x683.jpg\" \/>\n\t<meta property=\"og:image:width\" content=\"1024\" \/>\n\t<meta property=\"og:image:height\" content=\"683\" \/>\n\t<meta property=\"og:image:type\" content=\"image\/jpeg\" \/>\n<meta name=\"author\" content=\"Lisa Filipe\" \/>\n<meta name=\"twitter:card\" content=\"summary_large_image\" \/>\n<meta name=\"twitter:label1\" content=\"Geschrieben von\" \/>\n\t<meta name=\"twitter:data1\" content=\"Lisa Filipe\" \/>\n\t<meta name=\"twitter:label2\" content=\"Gesch\u00e4tzte Lesezeit\" \/>\n\t<meta name=\"twitter:data2\" content=\"3 Minuten\" \/>\n<script type=\"application\/ld+json\" class=\"yoast-schema-graph\">{\"@context\":\"https:\/\/schema.org\",\"@graph\":[{\"@type\":\"Article\",\"@id\":\"https:\/\/www.massage-bebe.ch\/de\/babymassage-im-selfie-zeitalter\/#article\",\"isPartOf\":{\"@id\":\"https:\/\/www.massage-bebe.ch\/de\/babymassage-im-selfie-zeitalter\/\"},\"author\":{\"name\":\"Lisa Filipe\",\"@id\":\"https:\/\/www.massage-bebe.ch\/#\/schema\/person\/1ea14307d6cd3de5cf4cbb704f455acd\"},\"headline\":\"Babymassage im Selfie-Zeitalter\",\"datePublished\":\"2019-02-05T08:15:20+00:00\",\"dateModified\":\"2022-09-28T05:07:43+00:00\",\"mainEntityOfPage\":{\"@id\":\"https:\/\/www.massage-bebe.ch\/de\/babymassage-im-selfie-zeitalter\/\"},\"wordCount\":610,\"commentCount\":0,\"publisher\":{\"@id\":\"https:\/\/www.massage-bebe.ch\/#organization\"},\"articleSection\":[\"Unkategorisiert\"],\"inLanguage\":\"de-CH\",\"potentialAction\":[{\"@type\":\"CommentAction\",\"name\":\"Comment\",\"target\":[\"https:\/\/www.massage-bebe.ch\/de\/babymassage-im-selfie-zeitalter\/#respond\"]}]},{\"@type\":\"WebPage\",\"@id\":\"https:\/\/www.massage-bebe.ch\/de\/babymassage-im-selfie-zeitalter\/\",\"url\":\"https:\/\/www.massage-bebe.ch\/de\/babymassage-im-selfie-zeitalter\/\",\"name\":\"Babymassage im Selfie-Zeitalter - Lisa Filipe\",\"isPartOf\":{\"@id\":\"https:\/\/www.massage-bebe.ch\/#website\"},\"datePublished\":\"2019-02-05T08:15:20+00:00\",\"dateModified\":\"2022-09-28T05:07:43+00:00\",\"breadcrumb\":{\"@id\":\"https:\/\/www.massage-bebe.ch\/de\/babymassage-im-selfie-zeitalter\/#breadcrumb\"},\"inLanguage\":\"de-CH\",\"potentialAction\":[{\"@type\":\"ReadAction\",\"target\":[\"https:\/\/www.massage-bebe.ch\/de\/babymassage-im-selfie-zeitalter\/\"]}]},{\"@type\":\"BreadcrumbList\",\"@id\":\"https:\/\/www.massage-bebe.ch\/de\/babymassage-im-selfie-zeitalter\/#breadcrumb\",\"itemListElement\":[{\"@type\":\"ListItem\",\"position\":1,\"name\":\"Home\",\"item\":\"https:\/\/www.massage-bebe.ch\/de\/\"},{\"@type\":\"ListItem\",\"position\":2,\"name\":\"Babymassage im Selfie-Zeitalter\"}]},{\"@type\":\"WebSite\",\"@id\":\"https:\/\/www.massage-bebe.ch\/#website\",\"url\":\"https:\/\/www.massage-bebe.ch\/\",\"name\":\"Lisa Filipe\",\"description\":\"Cours massage b\u00e9b\u00e9 selon la tradition Newar \u00e0 Lausanne\",\"publisher\":{\"@id\":\"https:\/\/www.massage-bebe.ch\/#organization\"},\"potentialAction\":[{\"@type\":\"SearchAction\",\"target\":{\"@type\":\"EntryPoint\",\"urlTemplate\":\"https:\/\/www.massage-bebe.ch\/?s={search_term_string}\"},\"query-input\":\"required name=search_term_string\"}],\"inLanguage\":\"de-CH\"},{\"@type\":\"Organization\",\"@id\":\"https:\/\/www.massage-bebe.ch\/#organization\",\"name\":\"Lisa Filipe - Massage b\u00e9b\u00e9\",\"url\":\"https:\/\/www.massage-bebe.ch\/\",\"logo\":{\"@type\":\"ImageObject\",\"inLanguage\":\"de-CH\",\"@id\":\"https:\/\/www.massage-bebe.ch\/#\/schema\/logo\/image\/\",\"url\":\"https:\/\/i0.wp.com\/www.massage-bebe.ch\/wp-content\/uploads\/2018\/01\/logo-dark.png?fit=1200%2C1151&ssl=1\",\"contentUrl\":\"https:\/\/i0.wp.com\/www.massage-bebe.ch\/wp-content\/uploads\/2018\/01\/logo-dark.png?fit=1200%2C1151&ssl=1\",\"width\":1200,\"height\":1151,\"caption\":\"Lisa Filipe - Massage b\u00e9b\u00e9\"},\"image\":{\"@id\":\"https:\/\/www.massage-bebe.ch\/#\/schema\/logo\/image\/\"},\"sameAs\":[\"https:\/\/www.facebook.com\/Lisa-Filipe-968283666654369\/\",\"https:\/\/www.instagram.com\/lisafilipe.nalu\/\",\"https:\/\/www.linkedin.com\/company\/lisa-filipe\/\",\"https:\/\/www.youtube.com\/channel\/UCK156HcPoNnOuZYHmYRj_RQ\"]},{\"@type\":\"Person\",\"@id\":\"https:\/\/www.massage-bebe.ch\/#\/schema\/person\/1ea14307d6cd3de5cf4cbb704f455acd\",\"name\":\"Lisa Filipe\",\"image\":{\"@type\":\"ImageObject\",\"inLanguage\":\"de-CH\",\"@id\":\"https:\/\/www.massage-bebe.ch\/#\/schema\/person\/image\/\",\"url\":\"https:\/\/secure.gravatar.com\/avatar\/e21f8b8d999922f328df678a1e09bac1?s=96&d=mm&r=g\",\"contentUrl\":\"https:\/\/secure.gravatar.com\/avatar\/e21f8b8d999922f328df678a1e09bac1?s=96&d=mm&r=g\",\"caption\":\"Lisa Filipe\"},\"sameAs\":[\"https:\/\/massage-bebe.ch\"]}]}<\/script>\n<!-- \/ Yoast SEO plugin. -->","yoast_head_json":{"title":"Babymassage im Selfie-Zeitalter - Lisa Filipe","robots":{"index":"index","follow":"follow","max-snippet":"max-snippet:-1","max-image-preview":"max-image-preview:large","max-video-preview":"max-video-preview:-1"},"canonical":"https:\/\/www.massage-bebe.ch\/de\/babymassage-im-selfie-zeitalter\/","og_locale":"de_DE","og_type":"article","og_title":"Babymassage im Selfie-Zeitalter - Lisa Filipe","og_description":"Ich habe soeben einen neuen SRF Dokumentarfilm zur \u00abGeneration Selfie\u00bb geschaut. Der Film l\u00f6ste viele Gef\u00fchle in mir aus. Insbesondere gab er mir das Gef\u00fchl, dass die intensive, liebevolle Babymassage nach Newar-Tradition in unserer Gesellschaft heute wertvoller ist als je zuvor. Vielleicht fragst du dich,...","og_url":"https:\/\/www.massage-bebe.ch\/de\/babymassage-im-selfie-zeitalter\/","og_site_name":"Lisa Filipe","article_publisher":"https:\/\/www.facebook.com\/Lisa-Filipe-968283666654369\/","article_published_time":"2019-02-05T08:15:20+00:00","article_modified_time":"2022-09-28T05:07:43+00:00","og_image":[{"width":1024,"height":683,"url":"https:\/\/www.massage-bebe.ch\/wp-content\/uploads\/Babymassage-Newar-Tradition-1024x683.jpg","type":"image\/jpeg"}],"author":"Lisa Filipe","twitter_card":"summary_large_image","twitter_misc":{"Geschrieben von":"Lisa Filipe","Gesch\u00e4tzte Lesezeit":"3 Minuten"},"schema":{"@context":"https:\/\/schema.org","@graph":[{"@type":"Article","@id":"https:\/\/www.massage-bebe.ch\/de\/babymassage-im-selfie-zeitalter\/#article","isPartOf":{"@id":"https:\/\/www.massage-bebe.ch\/de\/babymassage-im-selfie-zeitalter\/"},"author":{"name":"Lisa Filipe","@id":"https:\/\/www.massage-bebe.ch\/#\/schema\/person\/1ea14307d6cd3de5cf4cbb704f455acd"},"headline":"Babymassage im Selfie-Zeitalter","datePublished":"2019-02-05T08:15:20+00:00","dateModified":"2022-09-28T05:07:43+00:00","mainEntityOfPage":{"@id":"https:\/\/www.massage-bebe.ch\/de\/babymassage-im-selfie-zeitalter\/"},"wordCount":610,"commentCount":0,"publisher":{"@id":"https:\/\/www.massage-bebe.ch\/#organization"},"articleSection":["Unkategorisiert"],"inLanguage":"de-CH","potentialAction":[{"@type":"CommentAction","name":"Comment","target":["https:\/\/www.massage-bebe.ch\/de\/babymassage-im-selfie-zeitalter\/#respond"]}]},{"@type":"WebPage","@id":"https:\/\/www.massage-bebe.ch\/de\/babymassage-im-selfie-zeitalter\/","url":"https:\/\/www.massage-bebe.ch\/de\/babymassage-im-selfie-zeitalter\/","name":"Babymassage im Selfie-Zeitalter - Lisa Filipe","isPartOf":{"@id":"https:\/\/www.massage-bebe.ch\/#website"},"datePublished":"2019-02-05T08:15:20+00:00","dateModified":"2022-09-28T05:07:43+00:00","breadcrumb":{"@id":"https:\/\/www.massage-bebe.ch\/de\/babymassage-im-selfie-zeitalter\/#breadcrumb"},"inLanguage":"de-CH","potentialAction":[{"@type":"ReadAction","target":["https:\/\/www.massage-bebe.ch\/de\/babymassage-im-selfie-zeitalter\/"]}]},{"@type":"BreadcrumbList","@id":"https:\/\/www.massage-bebe.ch\/de\/babymassage-im-selfie-zeitalter\/#breadcrumb","itemListElement":[{"@type":"ListItem","position":1,"name":"Home","item":"https:\/\/www.massage-bebe.ch\/de\/"},{"@type":"ListItem","position":2,"name":"Babymassage im Selfie-Zeitalter"}]},{"@type":"WebSite","@id":"https:\/\/www.massage-bebe.ch\/#website","url":"https:\/\/www.massage-bebe.ch\/","name":"Lisa Filipe","description":"Cours massage b\u00e9b\u00e9 selon la tradition Newar \u00e0 Lausanne","publisher":{"@id":"https:\/\/www.massage-bebe.ch\/#organization"},"potentialAction":[{"@type":"SearchAction","target":{"@type":"EntryPoint","urlTemplate":"https:\/\/www.massage-bebe.ch\/?s={search_term_string}"},"query-input":"required name=search_term_string"}],"inLanguage":"de-CH"},{"@type":"Organization","@id":"https:\/\/www.massage-bebe.ch\/#organization","name":"Lisa Filipe - Massage b\u00e9b\u00e9","url":"https:\/\/www.massage-bebe.ch\/","logo":{"@type":"ImageObject","inLanguage":"de-CH","@id":"https:\/\/www.massage-bebe.ch\/#\/schema\/logo\/image\/","url":"https:\/\/i0.wp.com\/www.massage-bebe.ch\/wp-content\/uploads\/2018\/01\/logo-dark.png?fit=1200%2C1151&ssl=1","contentUrl":"https:\/\/i0.wp.com\/www.massage-bebe.ch\/wp-content\/uploads\/2018\/01\/logo-dark.png?fit=1200%2C1151&ssl=1","width":1200,"height":1151,"caption":"Lisa Filipe - Massage b\u00e9b\u00e9"},"image":{"@id":"https:\/\/www.massage-bebe.ch\/#\/schema\/logo\/image\/"},"sameAs":["https:\/\/www.facebook.com\/Lisa-Filipe-968283666654369\/","https:\/\/www.instagram.com\/lisafilipe.nalu\/","https:\/\/www.linkedin.com\/company\/lisa-filipe\/","https:\/\/www.youtube.com\/channel\/UCK156HcPoNnOuZYHmYRj_RQ"]},{"@type":"Person","@id":"https:\/\/www.massage-bebe.ch\/#\/schema\/person\/1ea14307d6cd3de5cf4cbb704f455acd","name":"Lisa Filipe","image":{"@type":"ImageObject","inLanguage":"de-CH","@id":"https:\/\/www.massage-bebe.ch\/#\/schema\/person\/image\/","url":"https:\/\/secure.gravatar.com\/avatar\/e21f8b8d999922f328df678a1e09bac1?s=96&d=mm&r=g","contentUrl":"https:\/\/secure.gravatar.com\/avatar\/e21f8b8d999922f328df678a1e09bac1?s=96&d=mm&r=g","caption":"Lisa Filipe"},"sameAs":["https:\/\/massage-bebe.ch"]}]}},"jetpack_featured_media_url":"https:\/\/i0.wp.com\/www.massage-bebe.ch\/wp-content\/uploads\/Babymassage-Newar-Tradition.jpg?fit=4952%2C3301&ssl=1","jetpack_sharing_enabled":true,"jetpack-related-posts":[],"_links":{"self":[{"href":"https:\/\/www.massage-bebe.ch\/de\/wp-json\/wp\/v2\/posts\/2605","targetHints":{"allow":["GET"]}}],"collection":[{"href":"https:\/\/www.massage-bebe.ch\/de\/wp-json\/wp\/v2\/posts"}],"about":[{"href":"https:\/\/www.massage-bebe.ch\/de\/wp-json\/wp\/v2\/types\/post"}],"author":[{"embeddable":true,"href":"https:\/\/www.massage-bebe.ch\/de\/wp-json\/wp\/v2\/users\/2"}],"replies":[{"embeddable":true,"href":"https:\/\/www.massage-bebe.ch\/de\/wp-json\/wp\/v2\/comments?post=2605"}],"version-history":[{"count":1,"href":"https:\/\/www.massage-bebe.ch\/de\/wp-json\/wp\/v2\/posts\/2605\/revisions"}],"predecessor-version":[{"id":11559,"href":"https:\/\/www.massage-bebe.ch\/de\/wp-json\/wp\/v2\/posts\/2605\/revisions\/11559"}],"wp:featuredmedia":[{"embeddable":true,"href":"https:\/\/www.massage-bebe.ch\/de\/wp-json\/wp\/v2\/media\/2606"}],"wp:attachment":[{"href":"https:\/\/www.massage-bebe.ch\/de\/wp-json\/wp\/v2\/media?parent=2605"}],"wp:term":[{"taxonomy":"category","embeddable":true,"href":"https:\/\/www.massage-bebe.ch\/de\/wp-json\/wp\/v2\/categories?post=2605"},{"taxonomy":"post_tag","embeddable":true,"href":"https:\/\/www.massage-bebe.ch\/de\/wp-json\/wp\/v2\/tags?post=2605"}],"curies":[{"name":"wp","href":"https:\/\/api.w.org\/{rel}","templated":true}]}}